{"id":17858,"date":"2026-04-30T12:02:39","date_gmt":"2026-04-30T10:02:39","guid":{"rendered":"https:\/\/zurichmaratobarcelona.es\/?p=17858"},"modified":"2026-04-30T12:03:32","modified_gmt":"2026-04-30T10:03:32","slug":"inscripciones-abiertas-de-la-zurich-marato-de-barcelona","status":"publish","type":"post","link":"https:\/\/zurichmaratobarcelona.es\/es\/2026\/04\/30\/inscripciones-abiertas-de-la-zurich-marato-de-barcelona\/","title":{"rendered":"Inscripciones abiertas de la Zurich Marat\u00f3 de Barcelona"},"content":{"rendered":"\n<figure class=\"wp-block-image size-large\"><img fetchpriority=\"high\" decoding=\"async\" width=\"1024\" height=\"683\" src=\"https:\/\/zurichmaratobarcelona.es\/wp-content\/uploads\/2026\/04\/@fotorunners.es-MARATON-BARCELONA-2026-EDITADAS-119087-1024x683.jpg\" alt=\"\" class=\"wp-image-17859\" srcset=\"https:\/\/zurichmaratobarcelona.es\/wp-content\/uploads\/2026\/04\/@fotorunners.es-MARATON-BARCELONA-2026-EDITADAS-119087-1024x683.jpg 1024w, https:\/\/zurichmaratobarcelona.es\/wp-content\/uploads\/2026\/04\/@fotorunners.es-MARATON-BARCELONA-2026-EDITADAS-119087-300x200.jpg 300w, https:\/\/zurichmaratobarcelona.es\/wp-content\/uploads\/2026\/04\/@fotorunners.es-MARATON-BARCELONA-2026-EDITADAS-119087-768x512.jpg 768w, https:\/\/zurichmaratobarcelona.es\/wp-content\/uploads\/2026\/04\/@fotorunners.es-MARATON-BARCELONA-2026-EDITADAS-119087-1536x1024.jpg 1536w, https:\/\/zurichmaratobarcelona.es\/wp-content\/uploads\/2026\/04\/@fotorunners.es-MARATON-BARCELONA-2026-EDITADAS-119087-2048x1365.jpg 2048w\" sizes=\"(max-width: 1024px) 100vw, 1024px\" \/><\/figure>\n\n\n\n<p><p style=\"font-size: 16px; white-space: normal; caret-color: rgb(59, 63, 68); color: rgb(59, 63, 68); font-family: arial, Helvetica, sans-serif; margin: 0px;\"><span data-olk-copy-source=\"MessageBody\" style=\"border: 0px; font-style: inherit; font-variant-caps: inherit; font-width: inherit; font-size: inherit; line-height: inherit; font-family: Verdana, Geneva, sans-serif; font-size-adjust: inherit; font-kerning: inherit; font-variant-alternates: inherit; font-variant-ligatures: inherit; font-variant-numeric: inherit; font-variant-east-asian: inherit; font-variant-position: inherit; font-feature-settings: inherit; font-optical-sizing: inherit; font-variation-settings: inherit; margin: 0px; padding: 0px; vertical-align: baseline; color: rgb(13, 11, 177) !important;\">\u00bb Tras pulverizar el cron\u00f3metro este 2026 y situarse en el podio mundial de las maratones m\u00e1s r\u00e1pidas, la capital catalana abre inscripciones para una edici\u00f3n que aspira a marcar un hito en la historia del running<\/span><\/p><\/p>\n\n\n\n<p><p style=\"font-size: 16px; white-space: normal; caret-color: rgb(59, 63, 68); color: rgb(59, 63, 68); font-family: arial, Helvetica, sans-serif; margin: 0px;\"><span style=\"border: 0px; font-style: inherit; font-variant-caps: inherit; font-width: inherit; font-size: inherit; line-height: inherit; font-family: Verdana, Geneva, sans-serif; font-size-adjust: inherit; font-kerning: inherit; font-variant-alternates: inherit; font-variant-ligatures: inherit; font-variant-numeric: inherit; font-variant-east-asian: inherit; font-variant-position: inherit; font-feature-settings: inherit; font-optical-sizing: inherit; font-variation-settings: inherit; margin: 0px; padding: 0px; vertical-align: baseline; color: rgb(13, 11, 177) !important;\"><\/span><span style=\"border: 0px; font-style: inherit; font-variant-caps: inherit; font-width: inherit; font-size: inherit; line-height: inherit; font-family: Verdana, Geneva, sans-serif; font-size-adjust: inherit; font-kerning: inherit; font-variant-alternates: inherit; font-variant-ligatures: inherit; font-variant-numeric: inherit; font-variant-east-asian: inherit; font-variant-position: inherit; font-feature-settings: inherit; font-optical-sizing: inherit; font-variation-settings: inherit; margin: 0px; padding: 0px; vertical-align: baseline; color: rgb(13, 11, 177) !important;\">La Zurich Marat\u00f3 de Barcelona abre hoy oficialmente las inscripciones para el 14 de marzo de 2027, y el mensaje es claro: si 2026 fue el a\u00f1o de los r\u00e9cords, 2027 har\u00e1 historia. El \u00e9xito de la pasada edici\u00f3n ha situado a la ciudad en una nueva dimensi\u00f3n deportiva. Los resultados registrados posicionan el circuito barcelon\u00e9s entre los cuatro m\u00e1s r\u00e1pidos de la distancia, solo por detr\u00e1s de Chicago, Berl\u00edn y Londres.<\/span><\/p><\/p>\n\n\n\n<p><p style=\"font-size: 16px; white-space: normal; caret-color: rgb(59, 63, 68); color: rgb(59, 63, 68); font-family: arial, Helvetica, sans-serif; margin: 0px;\"><span style=\"border: 0px; font-style: inherit; font-variant-caps: inherit; font-width: inherit; font-size: inherit; line-height: inherit; font-family: Verdana, Geneva, sans-serif; font-size-adjust: inherit; font-kerning: inherit; font-variant-alternates: inherit; font-variant-ligatures: inherit; font-variant-numeric: inherit; font-variant-east-asian: inherit; font-variant-position: inherit; font-feature-settings: inherit; font-optical-sizing: inherit; font-variation-settings: inherit; margin: 0px; padding: 0px; vertical-align: baseline;\"><\/span><span style=\"border: 0px; font-style: inherit; font-variant-caps: inherit; font-width: inherit; font-size: inherit; line-height: inherit; font-family: Verdana, Geneva, sans-serif; font-size-adjust: inherit; font-kerning: inherit; font-variant-alternates: inherit; font-variant-ligatures: inherit; font-variant-numeric: inherit; font-variant-east-asian: inherit; font-variant-position: inherit; font-feature-settings: inherit; font-optical-sizing: inherit; font-variation-settings: inherit; margin: 0px; padding: 0px; vertical-align: baseline; color: rgb(13, 11, 177) !important;\">Se trata de un recorrido veloz y, al mismo tiempo, muy atractivo, que atraviesa algunos de los monumentos m\u00e1s ic\u00f3nicos de la ciudad. Aqu\u00ed, el motor tambi\u00e9n es una ciudad que empuja en cada kil\u00f3metro. Con este aval, la edici\u00f3n de 2027 busca consolidar Barcelona como el escenario definitivo donde los sue\u00f1os y los retos de muchos corredores y corredoras se hacen realidad sobre el asfalto.<\/span><\/p><\/p>\n\n\n\n<p><p style=\"font-size: 16px; white-space: normal; caret-color: rgb(59, 63, 68); color: rgb(59, 63, 68); font-family: arial, Helvetica, sans-serif; margin: 0px;\"><span style=\"border: 0px; font-style: inherit; font-variant-caps: inherit; font-width: inherit; font-size: inherit; line-height: inherit; font-family: Verdana, Geneva, sans-serif; font-size-adjust: inherit; font-kerning: inherit; font-variant-alternates: inherit; font-variant-ligatures: inherit; font-variant-numeric: inherit; font-variant-east-asian: inherit; font-variant-position: inherit; font-feature-settings: inherit; font-optical-sizing: inherit; font-variation-settings: inherit; margin: 0px; padding: 0px; vertical-align: baseline; color: rgb(13, 11, 177) !important;\">David Escud\u00e9, concejal de Deportes, recuerda que esta \u00faltima edici\u00f3n ha sido todo un \u00e9xito, pero que Barcelona se prepara para dar un salto tanto cuantitativo como cualitativo muy importante el pr\u00f3ximo a\u00f1o: \u201cLa Zurich Marat\u00f3 de Barcelona 2027 ser\u00e1 una edici\u00f3n incre\u00edble que nos volver\u00e1 a situar en el centro del atletismo internacional y entre las grandes maratones del mundo\u201d.<\/span><\/p><\/p>\n\n\n\n<p><p style=\"font-size: 16px; white-space: normal; caret-color: rgb(59, 63, 68); color: rgb(59, 63, 68); font-family: arial, Helvetica, sans-serif; margin: 0px;\"><span style=\"border: 0px; font-style: inherit; font-variant-caps: inherit; font-width: inherit; font-size: inherit; line-height: inherit; font-family: Verdana, Geneva, sans-serif; font-size-adjust: inherit; font-kerning: inherit; font-variant-alternates: inherit; font-variant-ligatures: inherit; font-variant-numeric: inherit; font-variant-east-asian: inherit; font-variant-position: inherit; font-feature-settings: inherit; font-optical-sizing: inherit; font-variation-settings: inherit; margin: 0px; padding: 0px; vertical-align: baseline;\"><\/span><span style=\"border: 0px; font-style: inherit; font-variant-caps: inherit; font-width: inherit; font-size: inherit; line-height: inherit; font-family: Verdana, Geneva, sans-serif; font-size-adjust: inherit; font-kerning: inherit; font-variant-alternates: inherit; font-variant-ligatures: inherit; font-variant-numeric: inherit; font-variant-east-asian: inherit; font-variant-position: inherit; font-feature-settings: inherit; font-optical-sizing: inherit; font-variation-settings: inherit; margin: 0px; padding: 0px; vertical-align: baseline; color: rgb(13, 11, 177) !important;\">En palabras de Cristian Llorens, director de Assets de RPM Sports: \u201cEl \u00e9xito de las \u00faltimas ediciones nos exige ser a\u00fan m\u00e1s ambiciosos. Nuestro objetivo es seguir construyendo una experiencia de primer nivel, con el corredor y la corredora siempre en el centro, y que Barcelona vuelva a ofrecer una marat\u00f3n a la altura de las mejores del mundo. Nuestra prioridad es clara: la excelencia en la experiencia del participante\u201d.<\/span><\/p><\/p>\n\n\n\n<p><p style=\"font-size: 16px; white-space: normal; caret-color: rgb(59, 63, 68); color: rgb(59, 63, 68); font-family: arial, Helvetica, sans-serif; margin: 0px;\"><span style=\"border: 0px; font-style: inherit; font-variant-caps: inherit; font-width: inherit; font-size: inherit; line-height: inherit; font-family: Verdana, Geneva, sans-serif; font-size-adjust: inherit; font-kerning: inherit; font-variant-alternates: inherit; font-variant-ligatures: inherit; font-variant-numeric: inherit; font-variant-east-asian: inherit; font-variant-position: inherit; font-feature-settings: inherit; font-optical-sizing: inherit; font-variation-settings: inherit; margin: 0px; padding: 0px; vertical-align: baseline;\"><\/span><span style=\"border: 0px; font-style: inherit; font-variant-caps: inherit; font-width: inherit; font-size: inherit; line-height: inherit; font-family: Verdana, Geneva, sans-serif; font-size-adjust: inherit; font-kerning: inherit; font-variant-alternates: inherit; font-variant-ligatures: inherit; font-variant-numeric: inherit; font-variant-east-asian: inherit; font-variant-position: inherit; font-feature-settings: inherit; font-optical-sizing: inherit; font-variation-settings: inherit; margin: 0px; padding: 0px; vertical-align: baseline; color: rgb(13, 11, 177) !important;\"><strong data-end=\"2014\" data-start=\"1987\">Barcelona te hace volar<\/strong><\/span><\/p><\/p>\n\n\n\n<p><p style=\"font-size: 16px; white-space: normal; caret-color: rgb(59, 63, 68); color: rgb(59, 63, 68); font-family: arial, Helvetica, sans-serif; margin: 0px;\"><span style=\"border: 0px; font-style: inherit; font-variant-caps: inherit; font-width: inherit; font-size: inherit; line-height: inherit; font-family: Verdana, Geneva, sans-serif; font-size-adjust: inherit; font-kerning: inherit; font-variant-alternates: inherit; font-variant-ligatures: inherit; font-variant-numeric: inherit; font-variant-east-asian: inherit; font-variant-position: inherit; font-feature-settings: inherit; font-optical-sizing: inherit; font-variation-settings: inherit; margin: 0px; padding: 0px; vertical-align: baseline;\"><\/span><\/p><span style=\"color: rgb(13, 11, 177); font-family: Verdana, Geneva, sans-serif; font-size: inherit; font-style: inherit; font-variant-caps: inherit; caret-color: rgb(59, 63, 68); white-space: normal;\">La Zurich Marat\u00f3 de Barcelona destaca por una atm\u00f3sfera \u00fanica en el calendario. Con 47 puntos de animaci\u00f3n distribuidos estrat\u00e9gicamente, la ciudad no solo acoge la prueba, sino que la impulsa. Los barceloneses y barcelonesas se vuelcan para transformar el esfuerzo de los 42,195 kil\u00f3metros en una celebraci\u00f3n colectiva<\/span><\/p>\n\n\n\n<p><\/p>\n","protected":false},"excerpt":{"rendered":"<p>\u00bb Tras pulverizar el cron\u00f3metro este 2026 y situarse en el podio mundial de las maratones m\u00e1s r\u00e1pidas, la capital catalana abre inscripciones para una edici\u00f3n que aspira a marcar un hito en la historia del running La Zurich Marat\u00f3 de Barcelona abre hoy oficialmente las inscripciones para el 14 de marzo de 2027, y [&hellip;]<\/p>\n","protected":false},"author":8,"featured_media":17860,"comment_status":"closed","ping_status":"closed","sticky":false,"template":"","format":"standard","meta":{"footnotes":""},"categories":[1],"tags":[],"class_list":["post-17858","post","type-post","status-publish","format-standard","has-post-thumbnail","hentry","category-sin-categoria"],"_links":{"self":[{"href":"https:\/\/zurichmaratobarcelona.es\/es\/wp-json\/wp\/v2\/posts\/17858","targetHints":{"allow":["GET"]}}],"collection":[{"href":"https:\/\/zurichmaratobarcelona.es\/es\/wp-json\/wp\/v2\/posts"}],"about":[{"href":"https:\/\/zurichmaratobarcelona.es\/es\/wp-json\/wp\/v2\/types\/post"}],"author":[{"embeddable":true,"href":"https:\/\/zurichmaratobarcelona.es\/es\/wp-json\/wp\/v2\/users\/8"}],"replies":[{"embeddable":true,"href":"https:\/\/zurichmaratobarcelona.es\/es\/wp-json\/wp\/v2\/comments?post=17858"}],"version-history":[{"count":1,"href":"https:\/\/zurichmaratobarcelona.es\/es\/wp-json\/wp\/v2\/posts\/17858\/revisions"}],"predecessor-version":[{"id":17861,"href":"https:\/\/zurichmaratobarcelona.es\/es\/wp-json\/wp\/v2\/posts\/17858\/revisions\/17861"}],"wp:featuredmedia":[{"embeddable":true,"href":"https:\/\/zurichmaratobarcelona.es\/es\/wp-json\/wp\/v2\/media\/17860"}],"wp:attachment":[{"href":"https:\/\/zurichmaratobarcelona.es\/es\/wp-json\/wp\/v2\/media?parent=17858"}],"wp:term":[{"taxonomy":"category","embeddable":true,"href":"https:\/\/zurichmaratobarcelona.es\/es\/wp-json\/wp\/v2\/categories?post=17858"},{"taxonomy":"post_tag","embeddable":true,"href":"https:\/\/zurichmaratobarcelona.es\/es\/wp-json\/wp\/v2\/tags?post=17858"}],"curies":[{"name":"wp","href":"https:\/\/api.w.org\/{rel}","templated":true}]}}