{"id":13343,"date":"2025-03-03T11:00:46","date_gmt":"2025-03-03T11:00:46","guid":{"rendered":"https:\/\/www.zurichmaratobarcelona.es\/?p=13343"},"modified":"2025-03-03T11:00:46","modified_gmt":"2025-03-03T11:00:46","slug":"vitamin-well-sera-la-bebida-oficial-de-la-zurich-marato-barcelona-2025-una-de-las-maratones-mas-completas-y-magicas-del-mundo","status":"publish","type":"post","link":"https:\/\/zurichmaratobarcelona.es\/es\/2025\/03\/03\/vitamin-well-sera-la-bebida-oficial-de-la-zurich-marato-barcelona-2025-una-de-las-maratones-mas-completas-y-magicas-del-mundo\/","title":{"rendered":"Vitamin Well ser\u00e1 la bebida oficial de la Zurich Marat\u00f3 Barcelona 2025, una de las maratones m\u00e1s completas y m\u00e1gicas del mundo"},"content":{"rendered":"\n<p><a href=\"https:\/\/www.vitaminwell.com\/\" target=\"_blank\" rel=\"noopener\" title=\"\">Vitamin Well<\/a>, marca sueca de bebidas funcionales enriquecidas con vitaminas y minerales, ser\u00e1 <em>official partner<\/em> de la<strong> Zurich Marat\u00f3 Barcelona <\/strong>2025. De esta forma se convertir\u00e1 en la bebida oficial de esta prestigiosa carrera que se celebrar\u00e1 en la ciudad condal el pr\u00f3ximo 16 de marzo. La <strong>Zurich Marat\u00f3 Barcelona<\/strong> es conocida por ser una de las maratones m\u00e1s m\u00e1gicas y completas del mundo, con un recorrido urbano, animado y que pasa por todos y cada uno de los monumentos de la ciudad.<\/p>\n\n\n\n<p>Fundada en 2008 en Suecia y actualmente presente en m\u00e1s de 40 pa\u00edses, Vitamin Well ofrece una alternativa inteligente a refrescos convencionales, zumos y a otras bebidas con alto contenido en az\u00facar. Las bebidas de Vitamin Well son reconocidas por sus deliciosos y refrescantes sabores, con un alto contenido en vitaminas y bajo en calor\u00edas y por su dise\u00f1o escandinavo.<\/p>\n\n\n\n<p><strong>Vitamin Well contar\u00e1 con un stand en la feria del corredor de la Zurich Marat\u00f3 Barcelona 2025 <\/strong>en el que los asistentes podr\u00e1n probar sus productos y participar en el sorteo de regalos girando una ruleta. Asimismo, el d\u00eda de la carrera se dar\u00e1 un Vitamin Well fr\u00edo a todos los participantes en su llegada a la meta y se har\u00e1 <em>sampling<\/em> de las variedades Reload, Boost, Refresh, Antioxidant, Enhance y Awake.<\/p>\n\n\n\n<p>La alianza con esta prueba es una continuaci\u00f3n del compromiso de Vitamin Well con el running, que incluye al patrocinio de eventos deportivos en toda Europa, como la reciente <a href=\"https:\/\/edreamsmitjabarcelona.com\/\" target=\"_blank\" rel=\"noopener\" title=\"eDreams Mitja Marat\u00f3 Barcelona by Brooks\">eDreams Mitja Marat\u00f3 Barcelona by Brooks<\/a> 2025, en la que el keniano Jacob Kiplimo bati\u00f3 el r\u00e9cord del mundo de media marat\u00f3n.<\/p>\n","protected":false},"excerpt":{"rendered":"<p>Vitamin Well, marca sueca de bebidas funcionales enriquecidas con vitaminas y minerales, ser\u00e1 official partner de la Zurich Marat\u00f3 Barcelona 2025. De esta forma se convertir\u00e1 en la bebida oficial de esta prestigiosa carrera que se celebrar\u00e1 en la ciudad condal el pr\u00f3ximo 16 de marzo. La Zurich Marat\u00f3 Barcelona es conocida por ser una [&hellip;]<\/p>\n","protected":false},"author":3,"featured_media":13348,"comment_status":"open","ping_status":"open","sticky":false,"template":"","format":"standard","meta":{"footnotes":""},"categories":[17],"tags":[70,72,73,74,75,76,77],"class_list":["post-13343","post","type-post","status-publish","format-standard","has-post-thumbnail","hentry","category-sin-categorizar","tag-barcelona-3","tag-marato-3","tag-marato-barcelona-2","tag-maraton","tag-maraton-barcelona","tag-zmb","tag-zurich-marato-barcelona-3"],"_links":{"self":[{"href":"https:\/\/zurichmaratobarcelona.es\/es\/wp-json\/wp\/v2\/posts\/13343","targetHints":{"allow":["GET"]}}],"collection":[{"href":"https:\/\/zurichmaratobarcelona.es\/es\/wp-json\/wp\/v2\/posts"}],"about":[{"href":"https:\/\/zurichmaratobarcelona.es\/es\/wp-json\/wp\/v2\/types\/post"}],"author":[{"embeddable":true,"href":"https:\/\/zurichmaratobarcelona.es\/es\/wp-json\/wp\/v2\/users\/3"}],"replies":[{"embeddable":true,"href":"https:\/\/zurichmaratobarcelona.es\/es\/wp-json\/wp\/v2\/comments?post=13343"}],"version-history":[{"count":0,"href":"https:\/\/zurichmaratobarcelona.es\/es\/wp-json\/wp\/v2\/posts\/13343\/revisions"}],"wp:featuredmedia":[{"embeddable":true,"href":"https:\/\/zurichmaratobarcelona.es\/es\/wp-json\/wp\/v2\/media\/13348"}],"wp:attachment":[{"href":"https:\/\/zurichmaratobarcelona.es\/es\/wp-json\/wp\/v2\/media?parent=13343"}],"wp:term":[{"taxonomy":"category","embeddable":true,"href":"https:\/\/zurichmaratobarcelona.es\/es\/wp-json\/wp\/v2\/categories?post=13343"},{"taxonomy":"post_tag","embeddable":true,"href":"https:\/\/zurichmaratobarcelona.es\/es\/wp-json\/wp\/v2\/tags?post=13343"}],"curies":[{"name":"wp","href":"https:\/\/api.w.org\/{rel}","templated":true}]}}