{"id":17862,"date":"2026-04-30T12:02:39","date_gmt":"2026-04-30T10:02:39","guid":{"rendered":"https:\/\/zurichmaratobarcelona.es\/?p=17862"},"modified":"2026-04-30T12:03:32","modified_gmt":"2026-04-30T10:03:32","slug":"registrations-open-for-thezurich-marato-de-barcelona-2027","status":"publish","type":"post","link":"https:\/\/zurichmaratobarcelona.es\/en\/2026\/04\/30\/registrations-open-for-thezurich-marato-de-barcelona-2027\/","title":{"rendered":"Registrations open for the<br>Zurich Marat\u00f3 de Barcelona 2027"},"content":{"rendered":"\n<figure class=\"wp-block-image size-large\"><img fetchpriority=\"high\" decoding=\"async\" width=\"1024\" height=\"683\" src=\"https:\/\/zurichmaratobarcelona.es\/wp-content\/uploads\/2026\/04\/@fotorunners.es-MARATON-BARCELONA-2026-EDITADAS-119087-1024x683.jpg\" alt=\"\" class=\"wp-image-17859\" srcset=\"https:\/\/zurichmaratobarcelona.es\/wp-content\/uploads\/2026\/04\/@fotorunners.es-MARATON-BARCELONA-2026-EDITADAS-119087-1024x683.jpg 1024w, https:\/\/zurichmaratobarcelona.es\/wp-content\/uploads\/2026\/04\/@fotorunners.es-MARATON-BARCELONA-2026-EDITADAS-119087-300x200.jpg 300w, https:\/\/zurichmaratobarcelona.es\/wp-content\/uploads\/2026\/04\/@fotorunners.es-MARATON-BARCELONA-2026-EDITADAS-119087-768x512.jpg 768w, https:\/\/zurichmaratobarcelona.es\/wp-content\/uploads\/2026\/04\/@fotorunners.es-MARATON-BARCELONA-2026-EDITADAS-119087-1536x1024.jpg 1536w, https:\/\/zurichmaratobarcelona.es\/wp-content\/uploads\/2026\/04\/@fotorunners.es-MARATON-BARCELONA-2026-EDITADAS-119087-2048x1365.jpg 2048w\" sizes=\"(max-width: 1024px) 100vw, 1024px\" \/><\/figure>\n\n<p><\/p><p style=\"font-size: 16px; white-space: normal; caret-color: rgb(59, 63, 68); color: rgb(59, 63, 68); font-family: arial, Helvetica, sans-serif; margin: 0px;\"><span data-olk-copy-source=\"MessageBody\" style=\"border: 0px; font-style: inherit; font-variant-caps: inherit; font-width: inherit; font-size: inherit; line-height: inherit; font-family: Verdana, Geneva, sans-serif; font-size-adjust: inherit; font-kerning: inherit; font-variant-alternates: inherit; font-variant-ligatures: inherit; font-variant-numeric: inherit; font-variant-east-asian: inherit; font-variant-position: inherit; font-feature-settings: inherit; font-optical-sizing: inherit; font-variation-settings: inherit; margin: 0px; padding: 0px; vertical-align: baseline; color: rgb(13, 11, 177) !important;\">\u00bb After smashing the clock in 2026 and securing a place among the world\u2019s fastest marathons, the Catalan capital opens registrations for an edition aiming to make history in the running world.<\/span><\/p>\n\n<p><\/p><p style=\"font-size: 16px; white-space: normal; caret-color: rgb(59, 63, 68); color: rgb(59, 63, 68); font-family: arial, Helvetica, sans-serif; margin: 0px;\"><span style=\"border: 0px; font-style: inherit; font-variant-caps: inherit; font-width: inherit; font-size: inherit; line-height: inherit; font-family: Verdana, Geneva, sans-serif; font-size-adjust: inherit; font-kerning: inherit; font-variant-alternates: inherit; font-variant-ligatures: inherit; font-variant-numeric: inherit; font-variant-east-asian: inherit; font-variant-position: inherit; font-feature-settings: inherit; font-optical-sizing: inherit; font-variation-settings: inherit; margin: 0px; padding: 0px; vertical-align: baseline; color: rgb(13, 11, 177) !important;\"><\/span><span style=\"border: 0px; font-style: inherit; font-variant-caps: inherit; font-width: inherit; font-size: inherit; line-height: inherit; font-family: Verdana, Geneva, sans-serif; font-size-adjust: inherit; font-kerning: inherit; font-variant-alternates: inherit; font-variant-ligatures: inherit; font-variant-numeric: inherit; font-variant-east-asian: inherit; font-variant-position: inherit; font-feature-settings: inherit; font-optical-sizing: inherit; font-variation-settings: inherit; margin: 0px; padding: 0px; vertical-align: baseline; color: rgb(13, 11, 177) !important;\">The Zurich Marat\u00f3 de Barcelona officially opens registrations today for March 14, 2027, with a clear message: if 2026 was the year of records, 2027 will make history. The success of the last edition has placed the city in a new sporting dimension. The results achieved position the Barcelona course among the four fastest in the world over the distance, only behind Chicago, Berlin and London.  <\/span><\/p>\n\n<p><\/p><p style=\"font-size: 16px; white-space: normal; caret-color: rgb(59, 63, 68); color: rgb(59, 63, 68); font-family: arial, Helvetica, sans-serif; margin: 0px;\"><span style=\"border: 0px; font-style: inherit; font-variant-caps: inherit; font-width: inherit; font-size: inherit; line-height: inherit; font-family: Verdana, Geneva, sans-serif; font-size-adjust: inherit; font-kerning: inherit; font-variant-alternates: inherit; font-variant-ligatures: inherit; font-variant-numeric: inherit; font-variant-east-asian: inherit; font-variant-position: inherit; font-feature-settings: inherit; font-optical-sizing: inherit; font-variation-settings: inherit; margin: 0px; padding: 0px; vertical-align: baseline;\"><\/span><span style=\"border: 0px; font-style: inherit; font-variant-caps: inherit; font-width: inherit; font-size: inherit; line-height: inherit; font-family: Verdana, Geneva, sans-serif; font-size-adjust: inherit; font-kerning: inherit; font-variant-alternates: inherit; font-variant-ligatures: inherit; font-variant-numeric: inherit; font-variant-east-asian: inherit; font-variant-position: inherit; font-feature-settings: inherit; font-optical-sizing: inherit; font-variation-settings: inherit; margin: 0px; padding: 0px; vertical-align: baseline; color: rgb(13, 11, 177) !important;\">It is a fast yet highly attractive course, passing through some of the city\u2019s most iconic landmarks. Here, the driving force is also a city that pushes you forward every kilometer. With this strong foundation, the 2027 edition aims to consolidate Barcelona as the ultimate stage where runners\u2019 dreams and challenges come to life on the asphalt.  <\/span><\/p>\n\n<p><\/p><p style=\"font-size: 16px; white-space: normal; caret-color: rgb(59, 63, 68); color: rgb(59, 63, 68); font-family: arial, Helvetica, sans-serif; margin: 0px;\"><span style=\"border: 0px; font-style: inherit; font-variant-caps: inherit; font-width: inherit; font-size: inherit; line-height: inherit; font-family: Verdana, Geneva, sans-serif; font-size-adjust: inherit; font-kerning: inherit; font-variant-alternates: inherit; font-variant-ligatures: inherit; font-variant-numeric: inherit; font-variant-east-asian: inherit; font-variant-position: inherit; font-feature-settings: inherit; font-optical-sizing: inherit; font-variation-settings: inherit; margin: 0px; padding: 0px; vertical-align: baseline; color: rgb(13, 11, 177) !important;\">David Escud\u00e9, Councillor for Sports, highlights that the latest edition was a great success and that Barcelona is preparing for a major step forward, both quantitatively and qualitatively, next year: \u201cThe Zurich Marat\u00f3 de Barcelona 2027 will be an incredible edition that will once again place us at the heart of international athletics and among the world\u2019s leading marathons.\u201d<\/span><\/p>\n\n<p><\/p><p style=\"font-size: 16px; white-space: normal; caret-color: rgb(59, 63, 68); color: rgb(59, 63, 68); font-family: arial, Helvetica, sans-serif; margin: 0px;\"><span style=\"border: 0px; font-style: inherit; font-variant-caps: inherit; font-width: inherit; font-size: inherit; line-height: inherit; font-family: Verdana, Geneva, sans-serif; font-size-adjust: inherit; font-kerning: inherit; font-variant-alternates: inherit; font-variant-ligatures: inherit; font-variant-numeric: inherit; font-variant-east-asian: inherit; font-variant-position: inherit; font-feature-settings: inherit; font-optical-sizing: inherit; font-variation-settings: inherit; margin: 0px; padding: 0px; vertical-align: baseline;\"><\/span><span style=\"border: 0px; font-style: inherit; font-variant-caps: inherit; font-width: inherit; font-size: inherit; line-height: inherit; font-family: Verdana, Geneva, sans-serif; font-size-adjust: inherit; font-kerning: inherit; font-variant-alternates: inherit; font-variant-ligatures: inherit; font-variant-numeric: inherit; font-variant-east-asian: inherit; font-variant-position: inherit; font-feature-settings: inherit; font-optical-sizing: inherit; font-variation-settings: inherit; margin: 0px; padding: 0px; vertical-align: baseline; color: rgb(13, 11, 177) !important;\">n the words of Cristian Llorens, Director of Assets at RPM Sports: \u201cThe success of recent editions pushes us to be even more ambitious. Our goal is to continue building a world-class experience, always putting runners at the center, and to ensure that Barcelona once again delivers a marathon on par with the best in the world. Our priority is clear: excellence in the participant experience.\u201d<\/span><\/p>\n\n<p><\/p><p style=\"font-size: 16px; white-space: normal; caret-color: rgb(59, 63, 68); color: rgb(59, 63, 68); font-family: arial, Helvetica, sans-serif; margin: 0px;\"><span style=\"border: 0px; font-style: inherit; font-variant-caps: inherit; font-width: inherit; font-size: inherit; line-height: inherit; font-family: Verdana, Geneva, sans-serif; font-size-adjust: inherit; font-kerning: inherit; font-variant-alternates: inherit; font-variant-ligatures: inherit; font-variant-numeric: inherit; font-variant-east-asian: inherit; font-variant-position: inherit; font-feature-settings: inherit; font-optical-sizing: inherit; font-variation-settings: inherit; margin: 0px; padding: 0px; vertical-align: baseline;\"><\/span><span style=\"border: 0px; font-style: inherit; font-variant-caps: inherit; font-width: inherit; font-size: inherit; line-height: inherit; font-family: Verdana, Geneva, sans-serif; font-size-adjust: inherit; font-kerning: inherit; font-variant-alternates: inherit; font-variant-ligatures: inherit; font-variant-numeric: inherit; font-variant-east-asian: inherit; font-variant-position: inherit; font-feature-settings: inherit; font-optical-sizing: inherit; font-variation-settings: inherit; margin: 0px; padding: 0px; vertical-align: baseline; color: rgb(13, 11, 177) !important;\"><strong data-end=\"2014\" data-start=\"1987\">Barcelona makes you fly<br\/><br\/><br\/>The Zurich Marat\u00f3 de Barcelona stands out for its unique atmosphere on the global calendar. With 47 entertainment points strategically placed along the course, the city doesn\u2019t just host the race \u2014 it drives it. The people of Barcelona fully embrace the event, turning the effort of 42.195 kilometers into a collective celebration.<\/strong><\/span><\/p>\n\n<p><\/p><p style=\"font-size: 16px; white-space: normal; caret-color: rgb(59, 63, 68); color: rgb(59, 63, 68); font-family: arial, Helvetica, sans-serif; margin: 0px;\"><span style=\"border: 0px; font-style: inherit; font-variant-caps: inherit; font-width: inherit; font-size: inherit; line-height: inherit; font-family: Verdana, Geneva, sans-serif; font-size-adjust: inherit; font-kerning: inherit; font-variant-alternates: inherit; font-variant-ligatures: inherit; font-variant-numeric: inherit; font-variant-east-asian: inherit; font-variant-position: inherit; font-feature-settings: inherit; font-optical-sizing: inherit; font-variation-settings: inherit; margin: 0px; padding: 0px; vertical-align: baseline;\"><\/span><\/p><span style=\"color: rgb(13, 11, 177); font-family: Verdana, Geneva, sans-serif; font-size: inherit; font-style: inherit; font-variant-caps: inherit; caret-color: rgb(59, 63, 68); white-space: normal;\">La Zurich Marat\u00f3 de Barcelona destaca por una atm\u00f3sfera \u00fanica en el calendario. Con 47 puntos de animaci\u00f3n distribuidos estrat\u00e9gicamente, la ciudad no solo acoge la prueba, sino que la impulsa. Los barceloneses y barcelonesas se vuelcan para transformar el esfuerzo de los 42,195 kil\u00f3metros en una celebraci\u00f3n colectiva<\/span>\n\n<p><\/p>\n","protected":false},"excerpt":{"rendered":"<p>\u00bb After smashing the clock in 2026 and securing a place among the world\u2019s fastest marathons, the Catalan capital opens registrations for an edition aiming to make history in the running world. The Zurich Marat\u00f3 de Barcelona officially opens registrations today for March 14, 2027, with a clear message: if 2026 was the year of [&hellip;]<\/p>\n","protected":false},"author":8,"featured_media":17874,"comment_status":"closed","ping_status":"closed","sticky":false,"template":"","format":"standard","meta":{"footnotes":""},"categories":[1],"tags":[],"class_list":["post-17862","post","type-post","status-publish","format-standard","has-post-thumbnail","hentry","category-sin-categoria"],"_links":{"self":[{"href":"https:\/\/zurichmaratobarcelona.es\/en\/wp-json\/wp\/v2\/posts\/17862","targetHints":{"allow":["GET"]}}],"collection":[{"href":"https:\/\/zurichmaratobarcelona.es\/en\/wp-json\/wp\/v2\/posts"}],"about":[{"href":"https:\/\/zurichmaratobarcelona.es\/en\/wp-json\/wp\/v2\/types\/post"}],"author":[{"embeddable":true,"href":"https:\/\/zurichmaratobarcelona.es\/en\/wp-json\/wp\/v2\/users\/8"}],"replies":[{"embeddable":true,"href":"https:\/\/zurichmaratobarcelona.es\/en\/wp-json\/wp\/v2\/comments?post=17862"}],"version-history":[{"count":1,"href":"https:\/\/zurichmaratobarcelona.es\/en\/wp-json\/wp\/v2\/posts\/17862\/revisions"}],"predecessor-version":[{"id":17864,"href":"https:\/\/zurichmaratobarcelona.es\/en\/wp-json\/wp\/v2\/posts\/17862\/revisions\/17864"}],"wp:featuredmedia":[{"embeddable":true,"href":"https:\/\/zurichmaratobarcelona.es\/en\/wp-json\/wp\/v2\/media\/17874"}],"wp:attachment":[{"href":"https:\/\/zurichmaratobarcelona.es\/en\/wp-json\/wp\/v2\/media?parent=17862"}],"wp:term":[{"taxonomy":"category","embeddable":true,"href":"https:\/\/zurichmaratobarcelona.es\/en\/wp-json\/wp\/v2\/categories?post=17862"},{"taxonomy":"post_tag","embeddable":true,"href":"https:\/\/zurichmaratobarcelona.es\/en\/wp-json\/wp\/v2\/tags?post=17862"}],"curies":[{"name":"wp","href":"https:\/\/api.w.org\/{rel}","templated":true}]}}